{"id":6107,"date":"2023-08-09T09:35:39","date_gmt":"2023-08-09T07:35:39","guid":{"rendered":"https:\/\/www.jpime.com\/blog\/?p=6107"},"modified":"2023-08-09T09:35:39","modified_gmt":"2023-08-09T07:35:39","slug":"les-pays-sud-americains-damazonie-forment-une-alliance-contre-la-deforestation-pour-eviter-le-point-de-non-retour","status":"publish","type":"post","link":"https:\/\/www.jpime.com\/blog\/2023\/08\/09\/les-pays-sud-americains-damazonie-forment-une-alliance-contre-la-deforestation-pour-eviter-le-point-de-non-retour\/","title":{"rendered":"Les pays sud-am\u00e9ricains d&rsquo;Amazonie forment une \u00ab\u00a0alliance\u00a0\u00bb contre la d\u00e9forestation pour \u00ab\u00a0\u00e9viter le point de non-retour\u00a0\u00bb"},"content":{"rendered":"<blockquote><p>La cr\u00e9ation d&rsquo;une entit\u00e9 intitul\u00e9e \u00ab\u00a0Alliance amazonienne de combat contre la d\u00e9forestation\u00a0\u00bb a \u00e9t\u00e9 sign\u00e9e mardi par le Br\u00e9sil, la Bolivie, la Colombie, l&rsquo;Equateur, le Guyana, le P\u00e9rou, le Suriname et le Venezuela.<\/p><\/blockquote>\n<p>Source\u00a0: <em><a href=\"https:\/\/www.francetvinfo.fr\/monde\/ameriques\/amazonie\/les-pays-sud-americains-d-amazonie-forment-une-alliance-contre-la-deforestation-pour-eviter-le-point-de-non-retour_5997410.html\"target=\"blank=\">Les pays sud-am\u00e9ricains d&rsquo;Amazonie forment une \u00ab\u00a0alliance\u00a0\u00bb contre la d\u00e9forestation pour \u00ab\u00a0\u00e9viter le point de non-retour\u00a0\u00bb<\/a><\/em><\/p>\n","protected":false},"excerpt":{"rendered":"<p>La cr\u00e9ation d&rsquo;une entit\u00e9 intitul\u00e9e \u00ab\u00a0Alliance amazonienne de combat contre la d\u00e9forestation\u00a0\u00bb a \u00e9t\u00e9 sign\u00e9e mardi par le Br\u00e9sil, la Bolivie, la Colombie, l&rsquo;Equateur, le Guyana, le P\u00e9rou, le Suriname et le Venezuela. Source\u00a0: Les pays sud-am\u00e9ricains d&rsquo;Amazonie forment une \u00ab\u00a0alliance\u00a0\u00bb contre la d\u00e9forestation pour \u00ab\u00a0\u00e9viter le point de non-retour\u00a0\u00bb<\/p>\n","protected":false},"author":1,"featured_media":0,"comment_status":"open","ping_status":"open","sticky":false,"template":"","format":"standard","meta":{"footnotes":""},"categories":[12,5,11],"tags":[],"class_list":["post-6107","post","type-post","status-publish","format-standard","hentry","category-a-la-une","category-international","category-politique"],"_links":{"self":[{"href":"https:\/\/www.jpime.com\/blog\/wp-json\/wp\/v2\/posts\/6107","targetHints":{"allow":["GET"]}}],"collection":[{"href":"https:\/\/www.jpime.com\/blog\/wp-json\/wp\/v2\/posts"}],"about":[{"href":"https:\/\/www.jpime.com\/blog\/wp-json\/wp\/v2\/types\/post"}],"author":[{"embeddable":true,"href":"https:\/\/www.jpime.com\/blog\/wp-json\/wp\/v2\/users\/1"}],"replies":[{"embeddable":true,"href":"https:\/\/www.jpime.com\/blog\/wp-json\/wp\/v2\/comments?post=6107"}],"version-history":[{"count":1,"href":"https:\/\/www.jpime.com\/blog\/wp-json\/wp\/v2\/posts\/6107\/revisions"}],"predecessor-version":[{"id":6108,"href":"https:\/\/www.jpime.com\/blog\/wp-json\/wp\/v2\/posts\/6107\/revisions\/6108"}],"wp:attachment":[{"href":"https:\/\/www.jpime.com\/blog\/wp-json\/wp\/v2\/media?parent=6107"}],"wp:term":[{"taxonomy":"category","embeddable":true,"href":"https:\/\/www.jpime.com\/blog\/wp-json\/wp\/v2\/categories?post=6107"},{"taxonomy":"post_tag","embeddable":true,"href":"https:\/\/www.jpime.com\/blog\/wp-json\/wp\/v2\/tags?post=6107"}],"curies":[{"name":"wp","href":"https:\/\/api.w.org\/{rel}","templated":true}]}}