{"id":6733,"date":"2023-08-24T14:15:27","date_gmt":"2023-08-24T12:15:27","guid":{"rendered":"https:\/\/www.jpime.com\/blog\/?p=6733"},"modified":"2023-08-24T14:15:27","modified_gmt":"2023-08-24T12:15:27","slug":"le-monde-reagit-a-la-mort-de-prigojine-signal-aux-elites-russes-pas-de-surprise-doutes-raisonnables","status":"publish","type":"post","link":"https:\/\/www.jpime.com\/blog\/2023\/08\/24\/le-monde-reagit-a-la-mort-de-prigojine-signal-aux-elites-russes-pas-de-surprise-doutes-raisonnables\/","title":{"rendered":"Le monde r\u00e9agit \u00e0 la mort de Prigojine : \u00abSignal aux \u00e9lites russes\u00bb, \u00abpas de surprise\u00bb, \u00abdoutes raisonnables\u00bb\u2026"},"content":{"rendered":"<blockquote><p>Du pr\u00e9sident am\u00e9ricain au porte-parole fran\u00e7ais, en passant par l\u2019opposition b\u00e9larusse et les conseillers ukrainiens, le crash de l\u2019avion du patron de Wagner suscite de vives r\u00e9actions.<\/p><\/blockquote>\n<p>Source\u00a0: <em><a href=\"https:\/\/www.liberation.fr\/international\/europe\/le-monde-reagit-a-la-mort-de-prigojine-signal-aux-elites-russes-pas-de-surprise-doutes-raisonnables-20230824_WFPVXMSVZ5EQHBCLOZ6G4MQJW4\/\"target=\"blank=\">Le monde r\u00e9agit \u00e0 la mort de Prigojine : \u00abSignal aux \u00e9lites russes\u00bb, \u00abpas de surprise\u00bb, \u00abdoutes raisonnables\u00bb\u2026<\/a><\/em><\/p>\n","protected":false},"excerpt":{"rendered":"<p>Du pr\u00e9sident am\u00e9ricain au porte-parole fran\u00e7ais, en passant par l\u2019opposition b\u00e9larusse et les conseillers ukrainiens, le crash de l\u2019avion du patron de Wagner suscite de vives r\u00e9actions. Source\u00a0: Le monde r\u00e9agit \u00e0 la mort de Prigojine : \u00abSignal aux \u00e9lites russes\u00bb, \u00abpas de surprise\u00bb, \u00abdoutes raisonnables\u00bb\u2026<\/p>\n","protected":false},"author":1,"featured_media":0,"comment_status":"open","ping_status":"open","sticky":false,"template":"","format":"standard","meta":{"footnotes":""},"categories":[12,5,9],"tags":[],"class_list":["post-6733","post","type-post","status-publish","format-standard","hentry","category-a-la-une","category-international","category-terrorisme"],"_links":{"self":[{"href":"https:\/\/www.jpime.com\/blog\/wp-json\/wp\/v2\/posts\/6733","targetHints":{"allow":["GET"]}}],"collection":[{"href":"https:\/\/www.jpime.com\/blog\/wp-json\/wp\/v2\/posts"}],"about":[{"href":"https:\/\/www.jpime.com\/blog\/wp-json\/wp\/v2\/types\/post"}],"author":[{"embeddable":true,"href":"https:\/\/www.jpime.com\/blog\/wp-json\/wp\/v2\/users\/1"}],"replies":[{"embeddable":true,"href":"https:\/\/www.jpime.com\/blog\/wp-json\/wp\/v2\/comments?post=6733"}],"version-history":[{"count":1,"href":"https:\/\/www.jpime.com\/blog\/wp-json\/wp\/v2\/posts\/6733\/revisions"}],"predecessor-version":[{"id":6734,"href":"https:\/\/www.jpime.com\/blog\/wp-json\/wp\/v2\/posts\/6733\/revisions\/6734"}],"wp:attachment":[{"href":"https:\/\/www.jpime.com\/blog\/wp-json\/wp\/v2\/media?parent=6733"}],"wp:term":[{"taxonomy":"category","embeddable":true,"href":"https:\/\/www.jpime.com\/blog\/wp-json\/wp\/v2\/categories?post=6733"},{"taxonomy":"post_tag","embeddable":true,"href":"https:\/\/www.jpime.com\/blog\/wp-json\/wp\/v2\/tags?post=6733"}],"curies":[{"name":"wp","href":"https:\/\/api.w.org\/{rel}","templated":true}]}}